{"id":5730,"date":"2024-11-27T14:42:00","date_gmt":"2024-11-27T14:42:00","guid":{"rendered":"http:\/\/museum-murtal.at\/?p=5730"},"modified":"2024-11-27T14:46:49","modified_gmt":"2024-11-27T14:46:49","slug":"erkundet-entdeckt-erforscht-archaeologie-im-oberen-murtal-von-1851-bis-heute","status":"publish","type":"post","link":"https:\/\/museum-murtal.at\/?p=5730","title":{"rendered":"Erkundet \u2013 Entdeckt \u2013 Erforscht: Arch\u00e4ologie im oberen Murtal von 1851 bis heute"},"content":{"rendered":"\t\t<div data-elementor-type=\"wp-post\" data-elementor-id=\"5730\" class=\"elementor elementor-5730\" data-elementor-settings=\"[]\">\n\t\t\t\t\t\t<div class=\"elementor-inner\">\n\t\t\t\t\t\t\t<div class=\"elementor-section-wrap\">\n\t\t\t\t\t\t\t<section class=\"elementor-section elementor-top-section elementor-element elementor-element-8fb3b8b elementor-section-boxed elementor-section-height-default elementor-section-height-default\" data-id=\"8fb3b8b\" data-element_type=\"section\">\n\t\t\t\t\t\t<div class=\"elementor-container elementor-column-gap-default\">\n\t\t\t\t\t\t\t<div class=\"elementor-row\">\n\t\t\t\t\t<div class=\"elementor-column elementor-col-100 elementor-top-column elementor-element elementor-element-4ae2d07\" data-id=\"4ae2d07\" data-element_type=\"column\">\n\t\t\t<div class=\"elementor-column-wrap elementor-element-populated\">\n\t\t\t\t\t\t\t<div class=\"elementor-widget-wrap\">\n\t\t\t\t\t\t<div class=\"elementor-element elementor-element-fd55d57 elementor-widget elementor-widget-text-editor\" data-id=\"fd55d57\" data-element_type=\"widget\" data-widget_type=\"text-editor.default\">\n\t\t\t\t<div class=\"elementor-widget-container\">\n\t\t\t\t\t<div class=\"elementor-text-editor elementor-clearfix\"><h1 style=\"font-family: Archivo; font-size: 26px; letter-spacing: 0.2px;\"><b>Sonderausstellung von 25. J\u00e4nner 2023 bis November 2023<\/b><\/h4>\n<p style=\"font-family: Archivo; font-size: 16px; letter-spacing: 0.2px;\">Im oberen Murtal befinden sich zahlreiche arch\u00e4ologische Fundstellen, die das kulturelle Erbe der Region bilden.\nGepr\u00e4gt wurde die Region zwischen den Niederen Tauern, den Gurktaler Alpen und dem Aichfeld durch die Verkehrswege, die von Westen nach osten durch das Murtal verlaufen, aber auch von S\u00fcden nach Norden, entlang der Neumarkter und Obdacher Passlandschaft und weiter \u00fcber das P\u00f6lstal und Hohentauern oder auch den S\u00f6lkpass nach Norden.<\/p>\n<p style=\"font-family: Archivo; font-size: 16px; letter-spacing: 0.2px;\">Menschen pr\u00e4gten die Region durch ihre Siedlungen. Arch\u00e4ologische Reste davon wurden an vielen Orten gefunden, Reste von Befestigungen, Gr\u00e4bern, Heiligt\u00fcmer, von Stra\u00dfen und Br\u00fccken, die in den vergangenen Jahrtausenden errichtet wurden. Diese materiellen Reste stellen Quellen dar, mit deren Hilfe historische Prozesse erschlossen werden k\u00f6nnen. Sie sind h\u00e4ufig unter der Erde verborgen und gelangen erst im Rahmen von Landwirtschaftlicher T\u00e4tigkeit oder von Bauma\u00dfnahmen ans Tageslicht. Dass die Besch\u00e4ftigung mit der Geschichte aber prinzipiell von Bedeutung ist, wird von den allermeisten Menschen anerkannt.<\/p>\n<p style=\"font-family: Archivo; font-size: 16px; letter-spacing: 0.2px;\">In der Region des oberen Murtals gab es in den vergangen 20 Jahren unz\u00e4hlige arch\u00e4ologische Entdeckungen. Manche davon wurden in der Fachwelt diskutiert, in der Region selbst aber nur wenig bekannt gemacht.\nDie Ausstellung \u201eErkundet \u2013 Entdeckt \u2013 Erforscht: Arch\u00e4ologie im oberen Murtal von 1851 bis heute\u201c soll einen \u00dcberblick \u00fcber die Region und ihr Erbe darstellen. Einzelne besondere Schlaglichter wurden exemplarisch herausgegriffen, adere nur im \u00dcberblick behandelt. Sie soll Neugier auf die einzelnen Fundst\u00e4tten, Museen und Ausflugsziele machen!<\/p><\/div>\n\t\t\t\t<\/div>\n\t\t\t\t<\/div>\n\t\t\t\t<div class=\"elementor-element elementor-element-a490bfd elementor-widget elementor-widget-text-editor\" data-id=\"a490bfd\" data-element_type=\"widget\" data-widget_type=\"text-editor.default\">\n\t\t\t\t<div class=\"elementor-widget-container\">\n\t\t\t\t\t<div class=\"elementor-text-editor elementor-clearfix\"><p><img decoding=\"async\" loading=\"lazy\" class=\"alignnone size-full wp-image-5736\" src=\"https:\/\/museum-murtal.at\/wp-content\/uploads\/2019\/01\/MM_Sonderausstellung_Plakat-scaled.jpg\" alt=\"\" width=\"1812\" height=\"2560\" srcset=\"https:\/\/museum-murtal.at\/wp-content\/uploads\/2019\/01\/MM_Sonderausstellung_Plakat-scaled.jpg 1812w, https:\/\/museum-murtal.at\/wp-content\/uploads\/2019\/01\/MM_Sonderausstellung_Plakat-212x300.jpg 212w, https:\/\/museum-murtal.at\/wp-content\/uploads\/2019\/01\/MM_Sonderausstellung_Plakat-725x1024.jpg 725w, https:\/\/museum-murtal.at\/wp-content\/uploads\/2019\/01\/MM_Sonderausstellung_Plakat-768x1085.jpg 768w, https:\/\/museum-murtal.at\/wp-content\/uploads\/2019\/01\/MM_Sonderausstellung_Plakat-1087x1536.jpg 1087w, https:\/\/museum-murtal.at\/wp-content\/uploads\/2019\/01\/MM_Sonderausstellung_Plakat-1449x2048.jpg 1449w, https:\/\/museum-murtal.at\/wp-content\/uploads\/2019\/01\/MM_Sonderausstellung_Plakat-600x848.jpg 600w\" sizes=\"(max-width: 1812px) 100vw, 1812px\" \/><\/p><\/div>\n\t\t\t\t<\/div>\n\t\t\t\t<\/div>\n\t\t\t\t<div class=\"elementor-element elementor-element-d7f5278 elementor-widget elementor-widget-text-editor\" data-id=\"d7f5278\" data-element_type=\"widget\" data-widget_type=\"text-editor.default\">\n\t\t\t\t<div class=\"elementor-widget-container\">\n\t\t\t\t\t<div class=\"elementor-text-editor elementor-clearfix\"><\/div>\n\t\t\t\t<\/div>\n\t\t\t\t<\/div>\n\t\t\t\t<div class=\"elementor-element elementor-element-b6b0823 elementor-widget elementor-widget-text-editor\" data-id=\"b6b0823\" data-element_type=\"widget\" data-widget_type=\"text-editor.default\">\n\t\t\t\t<div class=\"elementor-widget-container\">\n\t\t\t\t\t<div class=\"elementor-text-editor elementor-clearfix\"><\/div>\n\t\t\t\t<\/div>\n\t\t\t\t<\/div>\n\t\t\t\t<section class=\"elementor-section elementor-inner-section elementor-element elementor-element-a3ce3bf elementor-section-boxed elementor-section-height-default elementor-section-height-default\" data-id=\"a3ce3bf\" data-element_type=\"section\">\n\t\t\t\t\t\t<div class=\"elementor-container elementor-column-gap-default\">\n\t\t\t\t\t\t\t<div class=\"elementor-row\">\n\t\t\t\t\t<div class=\"elementor-column elementor-col-50 elementor-inner-column elementor-element elementor-element-fbd927a\" data-id=\"fbd927a\" data-element_type=\"column\">\n\t\t\t<div class=\"elementor-column-wrap\">\n\t\t\t\t\t\t\t<div class=\"elementor-widget-wrap\">\n\t\t\t\t\t\t\t\t<\/div>\n\t\t\t\t\t<\/div>\n\t\t<\/div>\n\t\t\t\t<div class=\"elementor-column elementor-col-50 elementor-inner-column elementor-element elementor-element-ca6c9b2\" data-id=\"ca6c9b2\" data-element_type=\"column\">\n\t\t\t<div class=\"elementor-column-wrap\">\n\t\t\t\t\t\t\t<div class=\"elementor-widget-wrap\">\n\t\t\t\t\t\t\t\t<\/div>\n\t\t\t\t\t<\/div>\n\t\t<\/div>\n\t\t\t\t\t\t\t\t<\/div>\n\t\t\t\t\t<\/div>\n\t\t<\/section>\n\t\t\t\t\t\t<\/div>\n\t\t\t\t\t<\/div>\n\t\t<\/div>\n\t\t\t\t\t\t\t\t<\/div>\n\t\t\t\t\t<\/div>\n\t\t<\/section>\n\t\t\t\t<section class=\"elementor-section elementor-top-section elementor-element elementor-element-868eb7f elementor-section-boxed elementor-section-height-default elementor-section-height-default\" data-id=\"868eb7f\" data-element_type=\"section\">\n\t\t\t\t\t\t<div class=\"elementor-container elementor-column-gap-default\">\n\t\t\t\t\t\t\t<div class=\"elementor-row\">\n\t\t\t\t\t<div class=\"elementor-column elementor-col-100 elementor-top-column elementor-element elementor-element-9c7b76a\" data-id=\"9c7b76a\" data-element_type=\"column\">\n\t\t\t<div class=\"elementor-column-wrap\">\n\t\t\t\t\t\t\t<div class=\"elementor-widget-wrap\">\n\t\t\t\t\t\t\t\t<\/div>\n\t\t\t\t\t<\/div>\n\t\t<\/div>\n\t\t\t\t\t\t\t\t<\/div>\n\t\t\t\t\t<\/div>\n\t\t<\/section>\n\t\t\t\t<section class=\"elementor-section elementor-top-section elementor-element elementor-element-08901c9 elementor-section-boxed elementor-section-height-default elementor-section-height-default\" data-id=\"08901c9\" data-element_type=\"section\">\n\t\t\t\t\t\t<div class=\"elementor-container elementor-column-gap-default\">\n\t\t\t\t\t\t\t<div class=\"elementor-row\">\n\t\t\t\t\t<div class=\"elementor-column elementor-col-100 elementor-top-column elementor-element elementor-element-f1f1002\" data-id=\"f1f1002\" data-element_type=\"column\">\n\t\t\t<div class=\"elementor-column-wrap elementor-element-populated\">\n\t\t\t\t\t\t\t<div class=\"elementor-widget-wrap\">\n\t\t\t\t\t\t<div class=\"elementor-element elementor-element-a481e0b elementor-widget elementor-widget-text-editor\" data-id=\"a481e0b\" data-element_type=\"widget\" data-widget_type=\"text-editor.default\">\n\t\t\t\t<div class=\"elementor-widget-container\">\n\t\t\t\t\t<div class=\"elementor-text-editor elementor-clearfix\"><\/div>\n\t\t\t\t<\/div>\n\t\t\t\t<\/div>\n\t\t\t\t\t\t<\/div>\n\t\t\t\t\t<\/div>\n\t\t<\/div>\n\t\t\t\t\t\t\t\t<\/div>\n\t\t\t\t\t<\/div>\n\t\t<\/section>\n\t\t\t\t<section class=\"elementor-section elementor-top-section elementor-element elementor-element-4802746 elementor-section-boxed elementor-section-height-default elementor-section-height-default\" data-id=\"4802746\" data-element_type=\"section\">\n\t\t\t\t\t\t<div class=\"elementor-container elementor-column-gap-default\">\n\t\t\t\t\t\t\t<div class=\"elementor-row\">\n\t\t\t\t\t<div class=\"elementor-column elementor-col-100 elementor-top-column elementor-element elementor-element-fbd849c\" data-id=\"fbd849c\" data-element_type=\"column\">\n\t\t\t<div class=\"elementor-column-wrap\">\n\t\t\t\t\t\t\t<div class=\"elementor-widget-wrap\">\n\t\t\t\t\t\t\t\t<\/div>\n\t\t\t\t\t<\/div>\n\t\t<\/div>\n\t\t\t\t\t\t\t\t<\/div>\n\t\t\t\t\t<\/div>\n\t\t<\/section>\n\t\t\t\t\t\t<\/div>\n\t\t\t\t\t\t<\/div>\n\t\t\t\t\t<\/div>\n\t\t","protected":false},"excerpt":{"rendered":"<p>Unsere Museumszeitschrift {von} [bis] gibts hier als PDF-Download!<\/p>\n","protected":false},"author":1,"featured_media":5735,"comment_status":"closed","ping_status":"open","sticky":false,"template":"","format":"standard","meta":{"footnotes":""},"categories":[51],"tags":[],"_links":{"self":[{"href":"https:\/\/museum-murtal.at\/index.php?rest_route=\/wp\/v2\/posts\/5730"}],"collection":[{"href":"https:\/\/museum-murtal.at\/index.php?rest_route=\/wp\/v2\/posts"}],"about":[{"href":"https:\/\/museum-murtal.at\/index.php?rest_route=\/wp\/v2\/types\/post"}],"author":[{"embeddable":true,"href":"https:\/\/museum-murtal.at\/index.php?rest_route=\/wp\/v2\/users\/1"}],"replies":[{"embeddable":true,"href":"https:\/\/museum-murtal.at\/index.php?rest_route=%2Fwp%2Fv2%2Fcomments&post=5730"}],"version-history":[{"count":5,"href":"https:\/\/museum-murtal.at\/index.php?rest_route=\/wp\/v2\/posts\/5730\/revisions"}],"predecessor-version":[{"id":5737,"href":"https:\/\/museum-murtal.at\/index.php?rest_route=\/wp\/v2\/posts\/5730\/revisions\/5737"}],"wp:featuredmedia":[{"embeddable":true,"href":"https:\/\/museum-murtal.at\/index.php?rest_route=\/wp\/v2\/media\/5735"}],"wp:attachment":[{"href":"https:\/\/museum-murtal.at\/index.php?rest_route=%2Fwp%2Fv2%2Fmedia&parent=5730"}],"wp:term":[{"taxonomy":"category","embeddable":true,"href":"https:\/\/museum-murtal.at\/index.php?rest_route=%2Fwp%2Fv2%2Fcategories&post=5730"},{"taxonomy":"post_tag","embeddable":true,"href":"https:\/\/museum-murtal.at\/index.php?rest_route=%2Fwp%2Fv2%2Ftags&post=5730"}],"curies":[{"name":"wp","href":"https:\/\/api.w.org\/{rel}","templated":true}]}}