{"id":5234,"date":"2019-12-13T15:05:37","date_gmt":"2019-12-13T15:05:37","guid":{"rendered":"http:\/\/museum-murtal.at\/?p=5234"},"modified":"2019-12-18T16:35:41","modified_gmt":"2019-12-18T16:35:41","slug":"das-dezember-programm","status":"publish","type":"post","link":"https:\/\/museum-murtal.at\/?p=5234","title":{"rendered":"Das Dezember Programm"},"content":{"rendered":"\t\t<div data-elementor-type=\"wp-post\" data-elementor-id=\"5234\" class=\"elementor elementor-5234\" data-elementor-settings=\"[]\">\n\t\t\t\t\t\t<div class=\"elementor-inner\">\n\t\t\t\t\t\t\t<div class=\"elementor-section-wrap\">\n\t\t\t\t\t\t\t<section class=\"elementor-section elementor-top-section elementor-element elementor-element-8fb3b8b elementor-section-boxed elementor-section-height-default elementor-section-height-default\" data-id=\"8fb3b8b\" data-element_type=\"section\">\n\t\t\t\t\t\t<div class=\"elementor-container elementor-column-gap-default\">\n\t\t\t\t\t\t\t<div class=\"elementor-row\">\n\t\t\t\t\t<div class=\"elementor-column elementor-col-100 elementor-top-column elementor-element elementor-element-4ae2d07\" data-id=\"4ae2d07\" data-element_type=\"column\">\n\t\t\t<div class=\"elementor-column-wrap elementor-element-populated\">\n\t\t\t\t\t\t\t<div class=\"elementor-widget-wrap\">\n\t\t\t\t\t\t<div class=\"elementor-element elementor-element-fd55d57 elementor-widget elementor-widget-text-editor\" data-id=\"fd55d57\" data-element_type=\"widget\" data-widget_type=\"text-editor.default\">\n\t\t\t\t<div class=\"elementor-widget-container\">\n\t\t\t\t\t<div class=\"elementor-text-editor elementor-clearfix\"><p><span style=\"color: #25282e;\">Jeden Samstag, 14 Uhr:<\/span><\/p><p><span style=\"color: #25282e;\">Zeitreise im Museum Murtal &#8211; F\u00fchrung durch die Daueraustellung<\/span><\/p><\/div>\n\t\t\t\t<\/div>\n\t\t\t\t<\/div>\n\t\t\t\t<div class=\"elementor-element elementor-element-a490bfd elementor-widget elementor-widget-text-editor\" data-id=\"a490bfd\" data-element_type=\"widget\" data-widget_type=\"text-editor.default\">\n\t\t\t\t<div class=\"elementor-widget-container\">\n\t\t\t\t\t<div class=\"elementor-text-editor elementor-clearfix\"><p>Die Siedlung am Falkenberg in Strettweg bei Judenburg war w\u00e4hrend der \u00e4lteren Eisenzeit (ca. 800\u2013450 v. Chr.) ein bedeutendes Zentrum im inneralpinen Raum. In der F\u00fchrung durch die Dauerausstellung entdecken Besucher die eindrucksvollen arch\u00e4ologischen Funde, wie z.B. Goldschmuck, Prunkwaffen und Originalteile des ber\u00fchmten Strettweger Kultwagens. <br \/>Die Ergebnisse der arch\u00e4ologischen Forschung geben Aufschluss \u00fcber das Leben im Murtal vor fast 3000 Jahren: Wo im Aichfeld gab es Siedlungen? Wie suchen und finden Arch\u00e4ologen? Wie viele Menschen waren im Kultwagengrab und was hat man den Toten f\u00fcr ihre Reise ins Jenseits mitgegeben? Am Grabungstisch k\u00f6nnen die Methoden der Arch\u00e4ologie ge\u00fcbt und spannende Funde gemacht werden.<\/p><p>Kosten: Museumseintritt + 2 \u20ac F\u00fchrungsgeb\u00fchr<\/p><p>\u00a0<\/p><\/div>\n\t\t\t\t<\/div>\n\t\t\t\t<\/div>\n\t\t\t\t<div class=\"elementor-element elementor-element-0bfe4eb elementor-widget elementor-widget-text-editor\" data-id=\"0bfe4eb\" data-element_type=\"widget\" data-widget_type=\"text-editor.default\">\n\t\t\t\t<div class=\"elementor-widget-container\">\n\t\t\t\t\t<div class=\"elementor-text-editor elementor-clearfix\"><p><span style=\"color: #25282e;\">Dienstag, 24. Dezember, 10 Uhr:<\/span><\/p><p>Weihnachts-Kinderf\u00fchrung im Museum Murtal<\/p><\/div>\n\t\t\t\t<\/div>\n\t\t\t\t<\/div>\n\t\t\t\t<div class=\"elementor-element elementor-element-bf0b853 elementor-widget elementor-widget-text-editor\" data-id=\"bf0b853\" data-element_type=\"widget\" data-widget_type=\"text-editor.default\">\n\t\t\t\t<div class=\"elementor-widget-container\">\n\t\t\t\t\t<div class=\"elementor-text-editor elementor-clearfix\"><p>Um die Wartezeit aufs Christkind zu verk\u00fcrzen, laden wir zur Weihnachts-Kinderf\u00fchrung ins Museum Murtal ein! Die Kinder begegnen den lebensgro\u00dfen Figuren des Strettweger Kultwagens, machen eine arch\u00e4ologische Grabung, entdecken Schmuck und Waffen aus den Strettweger H\u00fcgelgr\u00e4bern und basteln eine eigene Weihnachtskarte mit Strettweger Motiven.<\/p><p>Geeignet f\u00fcr Kinder ab 6 Jahren<br \/>Kosten: Museumseintritt + 2 \u20ac F\u00fchrungsgeb\u00fchr<\/p><p>\u00a0<\/p><\/div>\n\t\t\t\t<\/div>\n\t\t\t\t<\/div>\n\t\t\t\t<div class=\"elementor-element elementor-element-00476a3 elementor-widget elementor-widget-text-editor\" data-id=\"00476a3\" data-element_type=\"widget\" data-widget_type=\"text-editor.default\">\n\t\t\t\t<div class=\"elementor-widget-container\">\n\t\t\t\t\t<div class=\"elementor-text-editor elementor-clearfix\"><p>Samstag, 28. Dezember, ab 15 Uhr<\/p><p>Mit Feuer und Schwert \u2013 Schauguss eines Bronzeschwerts<\/p><\/div>\n\t\t\t\t<\/div>\n\t\t\t\t<\/div>\n\t\t\t\t<div class=\"elementor-element elementor-element-1d2a3e3 elementor-widget elementor-widget-text-editor\" data-id=\"1d2a3e3\" data-element_type=\"widget\" data-widget_type=\"text-editor.default\">\n\t\t\t\t<div class=\"elementor-widget-container\">\n\t\t\t\t\t<div class=\"elementor-text-editor elementor-clearfix\"><p>Das Bronzeschwert aus dem \u201eHelmgrab\u201c in Strettweg ist einer der sch\u00f6nsten Funde, die im Museum Murtal zu sehen sind. \u00c4lter als die anderen Funde, war die kostbare Waffe sicher schon w\u00e4hrend der Hallstattzeit ein Zeichen f\u00fcr Macht und Reichtum seines Besitzers.<br \/>Im Schauguss auf dem Vorplatz des Museums Murtal wird dieses Schwert von neuem erschaffen \u2013 nicht mit t\u00fcrkiser Patina wie das Original, sondern im goldenen Glanz der Bronze. Die Besucher k\u00f6nnen alle Arbeitsschritte mitverfolgen und erfahren alles \u00fcber Handwerk und Metallverarbeitung der Hallstattzeit.<\/p><\/div>\n\t\t\t\t<\/div>\n\t\t\t\t<\/div>\n\t\t\t\t\t\t<\/div>\n\t\t\t\t\t<\/div>\n\t\t<\/div>\n\t\t\t\t\t\t\t\t<\/div>\n\t\t\t\t\t<\/div>\n\t\t<\/section>\n\t\t\t\t<section class=\"elementor-section elementor-top-section elementor-element elementor-element-8156988 elementor-section-boxed elementor-section-height-default elementor-section-height-default\" data-id=\"8156988\" data-element_type=\"section\">\n\t\t\t\t\t\t<div class=\"elementor-container elementor-column-gap-default\">\n\t\t\t\t\t\t\t<div class=\"elementor-row\">\n\t\t\t\t\t<div class=\"elementor-column elementor-col-50 elementor-top-column elementor-element elementor-element-17d052f\" data-id=\"17d052f\" data-element_type=\"column\">\n\t\t\t<div class=\"elementor-column-wrap elementor-element-populated\">\n\t\t\t\t\t\t\t<div class=\"elementor-widget-wrap\">\n\t\t\t\t\t\t<div class=\"elementor-element elementor-element-1892791 elementor-widget elementor-widget-image\" data-id=\"1892791\" data-element_type=\"widget\" data-widget_type=\"image.default\">\n\t\t\t\t<div class=\"elementor-widget-container\">\n\t\t\t\t\t<div class=\"elementor-image\">\n\t\t\t\t\t\t\t\t\t\t<img loading=\"lazy\" width=\"768\" height=\"572\" src=\"https:\/\/museum-murtal.at\/wp-content\/uploads\/2019\/10\/helmgrab-768x572.jpg\" class=\"attachment-medium_large size-medium_large\" alt=\"\" decoding=\"async\" srcset=\"https:\/\/museum-murtal.at\/wp-content\/uploads\/2019\/10\/helmgrab-768x572.jpg 768w, https:\/\/museum-murtal.at\/wp-content\/uploads\/2019\/10\/helmgrab-300x223.jpg 300w, https:\/\/museum-murtal.at\/wp-content\/uploads\/2019\/10\/helmgrab-1024x762.jpg 1024w, https:\/\/museum-murtal.at\/wp-content\/uploads\/2019\/10\/helmgrab-1536x1143.jpg 1536w, https:\/\/museum-murtal.at\/wp-content\/uploads\/2019\/10\/helmgrab.jpg 1920w\" sizes=\"(max-width: 768px) 100vw, 768px\" \/>\t\t\t\t\t\t\t\t\t\t\t<\/div>\n\t\t\t\t<\/div>\n\t\t\t\t<\/div>\n\t\t\t\t\t\t<\/div>\n\t\t\t\t\t<\/div>\n\t\t<\/div>\n\t\t\t\t<div class=\"elementor-column elementor-col-50 elementor-top-column elementor-element elementor-element-3f9be26\" data-id=\"3f9be26\" data-element_type=\"column\">\n\t\t\t<div class=\"elementor-column-wrap elementor-element-populated\">\n\t\t\t\t\t\t\t<div class=\"elementor-widget-wrap\">\n\t\t\t\t\t\t<div class=\"elementor-element elementor-element-3286ac3 elementor-widget elementor-widget-image\" data-id=\"3286ac3\" data-element_type=\"widget\" data-widget_type=\"image.default\">\n\t\t\t\t<div class=\"elementor-widget-container\">\n\t\t\t\t\t<div class=\"elementor-image\">\n\t\t\t\t\t\t\t\t\t\t<img loading=\"lazy\" width=\"600\" height=\"447\" src=\"https:\/\/museum-murtal.at\/wp-content\/uploads\/2019\/10\/kultwagengrab.jpg\" class=\"attachment-shop_single size-shop_single\" alt=\"\" decoding=\"async\" srcset=\"https:\/\/museum-murtal.at\/wp-content\/uploads\/2019\/10\/kultwagengrab.jpg 1920w, https:\/\/museum-murtal.at\/wp-content\/uploads\/2019\/10\/kultwagengrab-300x223.jpg 300w, https:\/\/museum-murtal.at\/wp-content\/uploads\/2019\/10\/kultwagengrab-1024x762.jpg 1024w, https:\/\/museum-murtal.at\/wp-content\/uploads\/2019\/10\/kultwagengrab-768x572.jpg 768w, https:\/\/museum-murtal.at\/wp-content\/uploads\/2019\/10\/kultwagengrab-1536x1143.jpg 1536w\" sizes=\"(max-width: 600px) 100vw, 600px\" \/>\t\t\t\t\t\t\t\t\t\t\t<\/div>\n\t\t\t\t<\/div>\n\t\t\t\t<\/div>\n\t\t\t\t\t\t<\/div>\n\t\t\t\t\t<\/div>\n\t\t<\/div>\n\t\t\t\t\t\t\t\t<\/div>\n\t\t\t\t\t<\/div>\n\t\t<\/section>\n\t\t\t\t<section class=\"elementor-section elementor-top-section elementor-element elementor-element-08901c9 elementor-section-boxed elementor-section-height-default elementor-section-height-default\" data-id=\"08901c9\" data-element_type=\"section\">\n\t\t\t\t\t\t<div class=\"elementor-container elementor-column-gap-default\">\n\t\t\t\t\t\t\t<div class=\"elementor-row\">\n\t\t\t\t\t<div class=\"elementor-column elementor-col-100 elementor-top-column elementor-element elementor-element-f1f1002\" data-id=\"f1f1002\" data-element_type=\"column\">\n\t\t\t<div class=\"elementor-column-wrap elementor-element-populated\">\n\t\t\t\t\t\t\t<div class=\"elementor-widget-wrap\">\n\t\t\t\t\t\t<div class=\"elementor-element elementor-element-a481e0b elementor-widget elementor-widget-text-editor\" data-id=\"a481e0b\" data-element_type=\"widget\" data-widget_type=\"text-editor.default\">\n\t\t\t\t<div class=\"elementor-widget-container\">\n\t\t\t\t\t<div class=\"elementor-text-editor elementor-clearfix\"><\/div>\n\t\t\t\t<\/div>\n\t\t\t\t<\/div>\n\t\t\t\t\t\t<\/div>\n\t\t\t\t\t<\/div>\n\t\t<\/div>\n\t\t\t\t\t\t\t\t<\/div>\n\t\t\t\t\t<\/div>\n\t\t<\/section>\n\t\t\t\t\t\t<\/div>\n\t\t\t\t\t\t<\/div>\n\t\t\t\t\t<\/div>\n\t\t","protected":false},"excerpt":{"rendered":"<p>Unser Programm zur Weihnachtszeit \ud83c\udf84\ud83c\udf81<br \/>\nWir laden zur Kinder-Weihnachtsf\u00fchrung am 24.12. und zum Schauguss eines Bronzeschwerts nach dem Original aus dem Strettweger &#8220;Helmgrab&#8221; ein!<br \/>\nFixtermin f\u00fcr F\u00fchrungen durch die Dauerausstellung ist jeweils Samstag um 14 Uhr.<br \/>\nAlle Infos zu den Terminen gibt es bei unseren Veranstaltungen, wir freuen uns auf Ihren Besuch!<\/p>\n","protected":false},"author":1,"featured_media":5238,"comment_status":"closed","ping_status":"open","sticky":false,"template":"","format":"standard","meta":{"footnotes":""},"categories":[51],"tags":[],"_links":{"self":[{"href":"https:\/\/museum-murtal.at\/index.php?rest_route=\/wp\/v2\/posts\/5234"}],"collection":[{"href":"https:\/\/museum-murtal.at\/index.php?rest_route=\/wp\/v2\/posts"}],"about":[{"href":"https:\/\/museum-murtal.at\/index.php?rest_route=\/wp\/v2\/types\/post"}],"author":[{"embeddable":true,"href":"https:\/\/museum-murtal.at\/index.php?rest_route=\/wp\/v2\/users\/1"}],"replies":[{"embeddable":true,"href":"https:\/\/museum-murtal.at\/index.php?rest_route=%2Fwp%2Fv2%2Fcomments&post=5234"}],"version-history":[{"count":8,"href":"https:\/\/museum-murtal.at\/index.php?rest_route=\/wp\/v2\/posts\/5234\/revisions"}],"predecessor-version":[{"id":5243,"href":"https:\/\/museum-murtal.at\/index.php?rest_route=\/wp\/v2\/posts\/5234\/revisions\/5243"}],"wp:featuredmedia":[{"embeddable":true,"href":"https:\/\/museum-murtal.at\/index.php?rest_route=\/wp\/v2\/media\/5238"}],"wp:attachment":[{"href":"https:\/\/museum-murtal.at\/index.php?rest_route=%2Fwp%2Fv2%2Fmedia&parent=5234"}],"wp:term":[{"taxonomy":"category","embeddable":true,"href":"https:\/\/museum-murtal.at\/index.php?rest_route=%2Fwp%2Fv2%2Fcategories&post=5234"},{"taxonomy":"post_tag","embeddable":true,"href":"https:\/\/museum-murtal.at\/index.php?rest_route=%2Fwp%2Fv2%2Ftags&post=5234"}],"curies":[{"name":"wp","href":"https:\/\/api.w.org\/{rel}","templated":true}]}}