{"id":49,"date":"2018-10-12T02:42:28","date_gmt":"2018-10-12T02:42:28","guid":{"rendered":"http:\/\/demo.ovathemes.com\/muzze\/?p=49"},"modified":"2019-10-10T14:37:45","modified_gmt":"2019-10-10T14:37:45","slug":"the-mysteries-of-prince-shotoku-3","status":"publish","type":"post","link":"https:\/\/museum-murtal.at\/?p=49","title":{"rendered":"Leader Projekt Museum Murtal"},"content":{"rendered":"\t\t<div data-elementor-type=\"wp-post\" data-elementor-id=\"49\" class=\"elementor elementor-49\" data-elementor-settings=\"[]\">\n\t\t\t\t\t\t<div class=\"elementor-inner\">\n\t\t\t\t\t\t\t<div class=\"elementor-section-wrap\">\n\t\t\t\t\t\t\t<section class=\"elementor-section elementor-top-section elementor-element elementor-element-46914a2 elementor-section-boxed elementor-section-height-default elementor-section-height-default\" data-id=\"46914a2\" data-element_type=\"section\">\n\t\t\t\t\t\t<div class=\"elementor-container elementor-column-gap-default\">\n\t\t\t\t\t\t\t<div class=\"elementor-row\">\n\t\t\t\t\t<div class=\"elementor-column elementor-col-100 elementor-top-column elementor-element elementor-element-f02c13b\" data-id=\"f02c13b\" data-element_type=\"column\">\n\t\t\t<div class=\"elementor-column-wrap elementor-element-populated\">\n\t\t\t\t\t\t\t<div class=\"elementor-widget-wrap\">\n\t\t\t\t\t\t<div class=\"elementor-element elementor-element-86f8f46 elementor-widget elementor-widget-text-editor\" data-id=\"86f8f46\" data-element_type=\"widget\" data-widget_type=\"text-editor.default\">\n\t\t\t\t<div class=\"elementor-widget-container\">\n\t\t\t\t\t<div class=\"elementor-text-editor elementor-clearfix\"><p><span style=\"color: #888888;\">LEADER-Projekt im Rahmen des Programmes zur Entwicklung des l\u00e4ndlichen Raumes.<\/span><\/p><\/div>\n\t\t\t\t<\/div>\n\t\t\t\t<\/div>\n\t\t\t\t<div class=\"elementor-element elementor-element-a60aa1a elementor-widget elementor-widget-text-editor\" data-id=\"a60aa1a\" data-element_type=\"widget\" data-widget_type=\"text-editor.default\">\n\t\t\t\t<div class=\"elementor-widget-container\">\n\t\t\t\t\t<div class=\"elementor-text-editor elementor-clearfix\"><p>Dieses Projekt wird als LEADER-Projekt im Rahmen des Programmes zur Entwicklung des l\u00e4ndlichen Raumes LE 2014-2020 mit Mitteln der europ\u00e4ischen Union, des Bundes und des Landes Steiermark gef\u00f6rdert. LEADER wird \u00fcber das Regionalressort des Landes Steiermark als landesverantwortliche Stelle abgewickelt.<\/p><p><br \/>Umfassende Informationen zu LEADER finden sich auf den Seiten der Europ\u00e4ischen Kommission und des Bundesministeriums f\u00fcr Nachhaltigkeit und Tourismus:<\/p><p><br \/><a href=\"https:\/\/ec.europa.eu\/agriculture\/rural-development-2014-2020_de?fbclid=IwAR1QIfx07x-pqztMXiWKQQOHaO7eLQZyFhk5nTwZusL6u35JZOrLx1nHN-w\" target=\"_blank\" rel=\"noopener nofollow\" data-ft=\"{&quot;tn&quot;:&quot;-U&quot;}\" data-lynx-mode=\"async\" data-lynx-uri=\"https:\/\/l.facebook.com\/l.php?u=https%3A%2F%2Fec.europa.eu%2Fagriculture%2Frural-development-2014-2020_de%3Ffbclid%3DIwAR1QIfx07x-pqztMXiWKQQOHaO7eLQZyFhk5nTwZusL6u35JZOrLx1nHN-w&amp;h=AT1ekulPgWlJfggkenUfZGtiHNGn4oGmHUkkfWRJ9hQMtsnCHH5LSiaB0Agm4ynR_jfknIJ0v96mFPJLEDlq9xvYPM45M1pMHfDpoeL_MbOLuTXv5fLnt40BW8UddloxkY-yyNEfqI1bGkJmtUvEnZSWXqfGuud16o1JWzPafUqE1UZbqn4fdi6WbfUPW-zzaLQ1BFqW6SDBTDGyqIvAoe-LuZfhleE8PDt-L-aSr75eEm7zIM99zErlUkRbQoQWDcLU_pJeyyk3rHf1HoMpvOki40Bf68hUd7eUFXt5o1Z88rJ0imwj8Vau2vngJFjGA8-ZCSNONIG22IM6KHy8h1fu_2id1bESBmA1x9O6Lo8jnllzMHyPAjpbesS95dPi2Lvv1cpXx-JXCQj_xO9z2PD4GOVatnBKeCxkteYoNSB-19RIBJBhwLaH6rMPc8LFrLbxnc4fKkQ387DcArQEqXn3bsAfjpiOF4Q0d8o7o9Ch1hJV5NC56VHl37MXHnHrnG0eaFqAQ5wWiI1K6pDuVqgh2SQdSgt1rPJXyQVhzZNisLbhShjf7vmt9XS8yD6zlZAzVAnKyWO60DBIvbN0oVF97Qe4ZU-mQLoSQgeoxSC9QJhuDpTa40w5Id308Mb1qA\">https:\/\/ec.europa.eu\/agri<span class=\"text_exposed_show\">cul\u2026\/rural-development-2014-2020_de<\/span><\/a><span class=\"text_exposed_show\"><br \/><a href=\"https:\/\/www.bmnt.gv.at\/land\/laendl_entwicklung.html?fbclid=IwAR3h0rSXm68X8x2F3CapTzjSejuyQ2TGxGlE66comOz5H8I_fqfhS8AQ0Ps\" target=\"_blank\" rel=\"noopener nofollow\" data-ft=\"{&quot;tn&quot;:&quot;-U&quot;}\" data-lynx-mode=\"async\" data-lynx-uri=\"https:\/\/l.facebook.com\/l.php?u=https%3A%2F%2Fwww.bmnt.gv.at%2Fland%2Flaendl_entwicklung.html%3Ffbclid%3DIwAR3h0rSXm68X8x2F3CapTzjSejuyQ2TGxGlE66comOz5H8I_fqfhS8AQ0Ps&amp;h=AT1DLuRUKIvKldQDkIy2P-PHwz9wwEsdm1zuohB1OC5EP5Aq3Xjy60sMVvmdr06gwSOKI9UfgU5meI12h4Y3kkt4q53kEH5le7hCj0mAchVmr0GUimskB0U1tSN4y2Djpo8JXZff1AphylLZHITgGRbcUFyr5XANwfg2fLb-OxQwD2zxn4j_ilmUTO2emD2z4rcsU5EY0oxyoJ51dlmRvdjJV5jxhy6MEBIV7Y4fzZXwDHorhGdOpwwRzcFAWfyggbBsCRaDGEbkEN3VoExlFm7xjh6Z4ywA9owJU8dpjjyrx28dk7QZvSeByIUj7OlKoM51q9PFtQLET3tD_NjGU7TdmpcKmgS3gFwXH77f956I1tEPjppKq-4l3zR22DScZ9P4p90qs0D6N9ZAoSgIMVgVzjCAcZJhXL9qa7lYwoiHBJzuOt2vUkRmEm0lYfMWQPxxuVCszsOos-9bRfSCyr_IEqAR_vg22dSMrS-AN8UHQ1v8A93ycbtzHFnIz0iaZL7cMgdSVPnbKt7sTG_aIriNFWLo88kyvsHw9dvklKL0In0h8PLvpWbEJKHDiL8PajKCvZCXaJCyh3RoFDTRIJJPKriRhoEsXe3NUyVN-vx1fO8NLxrfzbzdC8xn1kS5cA\">https:\/\/www.bmnt.gv.at\/land\/laendl_entwicklung.html<\/a><\/span><\/p><div class=\"text_exposed_show\"><p>\u00a0<\/p><p>Wir bedanken uns f\u00fcr die Unterst\u00fctzung!<\/p><\/div><\/div>\n\t\t\t\t<\/div>\n\t\t\t\t<\/div>\n\t\t\t\t<div class=\"elementor-element elementor-element-b702d62 elementor-widget elementor-widget-image\" data-id=\"b702d62\" data-element_type=\"widget\" data-widget_type=\"image.default\">\n\t\t\t\t<div class=\"elementor-widget-container\">\n\t\t\t\t\t<div class=\"elementor-image\">\n\t\t\t\t\t\t\t\t\t\t<img loading=\"lazy\" width=\"851\" height=\"100\" src=\"https:\/\/museum-murtal.at\/wp-content\/uploads\/2018\/10\/leaderleiste.png\" class=\"attachment-large size-large\" alt=\"\" decoding=\"async\" srcset=\"https:\/\/museum-murtal.at\/wp-content\/uploads\/2018\/10\/leaderleiste.png 851w, https:\/\/museum-murtal.at\/wp-content\/uploads\/2018\/10\/leaderleiste-300x35.png 300w, https:\/\/museum-murtal.at\/wp-content\/uploads\/2018\/10\/leaderleiste-768x90.png 768w\" sizes=\"(max-width: 851px) 100vw, 851px\" \/>\t\t\t\t\t\t\t\t\t\t\t<\/div>\n\t\t\t\t<\/div>\n\t\t\t\t<\/div>\n\t\t\t\t\t\t<\/div>\n\t\t\t\t\t<\/div>\n\t\t<\/div>\n\t\t\t\t\t\t\t\t<\/div>\n\t\t\t\t\t<\/div>\n\t\t<\/section>\n\t\t\t\t<section class=\"elementor-section elementor-top-section elementor-element elementor-element-3d6a952 elementor-section-boxed elementor-section-height-default elementor-section-height-default\" data-id=\"3d6a952\" data-element_type=\"section\">\n\t\t\t\t\t\t<div class=\"elementor-container elementor-column-gap-default\">\n\t\t\t\t\t\t\t<div class=\"elementor-row\">\n\t\t\t\t\t<div class=\"elementor-column elementor-col-100 elementor-top-column elementor-element elementor-element-696616d\" data-id=\"696616d\" data-element_type=\"column\">\n\t\t\t<div class=\"elementor-column-wrap\">\n\t\t\t\t\t\t\t<div class=\"elementor-widget-wrap\">\n\t\t\t\t\t\t\t\t<\/div>\n\t\t\t\t\t<\/div>\n\t\t<\/div>\n\t\t\t\t\t\t\t\t<\/div>\n\t\t\t\t\t<\/div>\n\t\t<\/section>\n\t\t\t\t\t\t<\/div>\n\t\t\t\t\t\t<\/div>\n\t\t\t\t\t<\/div>\n\t\t","protected":false},"excerpt":{"rendered":"<p>Dieses Projekt wird als LEADER-Projekt im Rahmen des Programmes zur Entwicklung des l\u00e4ndlichen Raumes LE 2014-2020 mit Mitteln der europ\u00e4ischen Union, des Bundes und des Landes Steiermark gef\u00f6rdert. <\/p>\n","protected":false},"author":1,"featured_media":5113,"comment_status":"open","ping_status":"open","sticky":false,"template":"","format":"standard","meta":{"footnotes":""},"categories":[51],"tags":[],"_links":{"self":[{"href":"https:\/\/museum-murtal.at\/index.php?rest_route=\/wp\/v2\/posts\/49"}],"collection":[{"href":"https:\/\/museum-murtal.at\/index.php?rest_route=\/wp\/v2\/posts"}],"about":[{"href":"https:\/\/museum-murtal.at\/index.php?rest_route=\/wp\/v2\/types\/post"}],"author":[{"embeddable":true,"href":"https:\/\/museum-murtal.at\/index.php?rest_route=\/wp\/v2\/users\/1"}],"replies":[{"embeddable":true,"href":"https:\/\/museum-murtal.at\/index.php?rest_route=%2Fwp%2Fv2%2Fcomments&post=49"}],"version-history":[{"count":4,"href":"https:\/\/museum-murtal.at\/index.php?rest_route=\/wp\/v2\/posts\/49\/revisions"}],"predecessor-version":[{"id":5117,"href":"https:\/\/museum-murtal.at\/index.php?rest_route=\/wp\/v2\/posts\/49\/revisions\/5117"}],"wp:featuredmedia":[{"embeddable":true,"href":"https:\/\/museum-murtal.at\/index.php?rest_route=\/wp\/v2\/media\/5113"}],"wp:attachment":[{"href":"https:\/\/museum-murtal.at\/index.php?rest_route=%2Fwp%2Fv2%2Fmedia&parent=49"}],"wp:term":[{"taxonomy":"category","embeddable":true,"href":"https:\/\/museum-murtal.at\/index.php?rest_route=%2Fwp%2Fv2%2Fcategories&post=49"},{"taxonomy":"post_tag","embeddable":true,"href":"https:\/\/museum-murtal.at\/index.php?rest_route=%2Fwp%2Fv2%2Ftags&post=49"}],"curies":[{"name":"wp","href":"https:\/\/api.w.org\/{rel}","templated":true}]}}